[{"@context":"https:\/\/schema.org\/","@type":"Article","@id":"https:\/\/www.bknt.cz\/bila-barva-na-zdech-se-vraci\/#Article","mainEntityOfPage":"https:\/\/www.bknt.cz\/bila-barva-na-zdech-se-vraci\/","headline":"B\u00edl\u00e1 barva na zdech se vrac\u00ed","name":"B\u00edl\u00e1 barva na zdech se vrac\u00ed","description":"B\u00edl\u00e1 barva je modern\u00ed snad po\u0159\u00e1d. M\u00f3dn\u00ed n\u00e1vrh\u00e1\u0159i maj\u00ed st\u00e1le mnoho n\u00e1m\u011bt\u016f, kde ji uplatnit, a\u0165 u\u017e v\u00a0od\u011bvn\u00edch kolekc\u00edch, tak i mezi obuv\u00ed. Odli\u0161n\u00e1 situace v\u0161ak byla u b\u00edl\u00e9 barvy malby st\u011bn interi\u00e9r\u016f, ta nebyla v\u00a0ur\u010dit\u00e9m obdob\u00ed p\u0159\u00edli\u0161 \u017e\u00e1dan\u00e1, a mnoz\u00ed z\u00a0v\u00e1s tu dobu pamatuj\u00ed. Za\u010dalo to kr\u00e1tce po sametov\u00e9 revoluci, kdy se trh za\u010dal...","datePublished":"2021-12-11","dateModified":"2023-06-09","author":{"@type":"Person","@id":"https:\/\/www.bknt.cz\/author\/devene\/#Person","name":"devene","url":"https:\/\/www.bknt.cz\/author\/devene\/","identifier":1,"image":{"@type":"ImageObject","@id":"https:\/\/secure.gravatar.com\/avatar\/c607f8cdeb628e1fda71e81e0cbb10854858a188adc366641de57f1cadca520c?s=96&d=mm&r=g","url":"https:\/\/secure.gravatar.com\/avatar\/c607f8cdeb628e1fda71e81e0cbb10854858a188adc366641de57f1cadca520c?s=96&d=mm&r=g","height":96,"width":96}},"publisher":{"@type":"Organization","name":"bknt.cz","logo":{"@type":"ImageObject","@id":"\/logo.png","url":"\/logo.png","width":600,"height":60}},"image":{"@type":"ImageObject","@id":"https:\/\/www.bknt.cz\/wp-content\/uploads\/bedroom-416062_640.jpg","url":"https:\/\/www.bknt.cz\/wp-content\/uploads\/bedroom-416062_640.jpg","height":0,"width":0},"url":"https:\/\/www.bknt.cz\/bila-barva-na-zdech-se-vraci\/","about":["Domov"],"wordCount":428,"articleBody":"B\u00edl\u00e1 barva je modern\u00ed snad po\u0159\u00e1d. M\u00f3dn\u00ed n\u00e1vrh\u00e1\u0159i maj\u00ed st\u00e1le mnoho n\u00e1m\u011bt\u016f, kde ji uplatnit, a\u0165 u\u017e v\u00a0od\u011bvn\u00edch kolekc\u00edch, tak i mezi obuv\u00ed. Odli\u0161n\u00e1 situace v\u0161ak byla u b\u00edl\u00e9 barvy malby st\u011bn interi\u00e9r\u016f, ta nebyla v\u00a0ur\u010dit\u00e9m obdob\u00ed p\u0159\u00edli\u0161 \u017e\u00e1dan\u00e1, a mnoz\u00ed z\u00a0v\u00e1s tu dobu pamatuj\u00ed. Za\u010dalo to kr\u00e1tce po sametov\u00e9 revoluci, kdy se trh za\u010dal sytit barevn\u00fdmi odst\u00edny, a ty se pak \u00fasp\u011b\u0161n\u011b nab\u00edzely z\u00e1kazn\u00edk\u016fm mezi profesion\u00e1ln\u00edmi mal\u00ed\u0159i. Lid\u00e9 popt\u00e1vali oran\u017eovou, r\u016f\u017eovou, n\u011bkde v\u00edt\u011bzila modr\u00e1 a zelen\u00e1 nebo \u017elut\u00e1. Odst\u00edny byly m\u00e9n\u011b syt\u00e9, co\u017e podtrhovalo voln\u011bj\u0161\u00ed styl, ale tak\u00e9 v\u00fdrazn\u011bj\u0161\u00ed, tak trochu v\u00a0duchu konzervativn\u00edch \u0161lechtick\u00fdch s\u00eddel.Doba se v\u0161ak posunula o t\u0159i desetilet\u00ed kup\u0159edu a pon\u011bkud se zm\u011bnil i vkus \u010di n\u00e1hled na barvy st\u011bn. Za\u010d\u00edn\u00e1 se op\u011bt prosazovat \u010dist\u011b b\u00edl\u00e1 malba, jej\u00ed\u017e v\u00fdhody jsou nepop\u00edrateln\u00e9:Hod\u00ed se ke v\u0161emu \u2013 s\u00a0b\u00edl\u00fdmi st\u011bnami nakombinujete v\u00a0podstat\u011b ve\u0161ker\u00e9 typy n\u00e1bytku, od rustik\u00e1ln\u00edho, a\u017e po ultra modernu. B\u00edl\u00e1 ost\u0159e kontrastuje vlastn\u011b se v\u0161\u00edm a hlavn\u011b v\u00a0tomto p\u0159\u00edpad\u011b nech\u00e1 vyniknout d\u0159ev\u011bn\u00e9mu masivu, pastelov\u011b barevn\u00fdm koberc\u016fm, v\u00fdrazn\u011b barevn\u00fdm dla\u017eb\u00e1m se zaj\u00edmav\u00fdm vzorem, v\u0161em typ\u016fm sv\u00edtidel, z\u00e1v\u011bs\u016f, rolet, \u017ealuzi\u00ed a dal\u0161\u00edch bytov\u00fdch dopl\u0148k\u016f.Bude to levn\u00e9 &#8211; kdo chce u\u0161et\u0159it, m\u00e1 mo\u017enost pr\u00e1v\u011b zde, nebo\u0165 odpadaj\u00ed investice do barev i jejich t\u00f3nov\u00e1n\u00ed. Snaz\u0161\u00ed je to i s\u00a0opravami malby, pokud ji \u010dasem n\u011bkde po\u0161kod\u00edte, nam\u00edchat op\u011bt p\u0159esn\u00fd odst\u00edn barevn\u00e9 malby je toti\u017e velmi obt\u00ed\u017en\u00e9 vzhledem k\u00a0tomu, \u017ee malba na st\u011bn\u00e1ch \u010dasem ztr\u00e1c\u00ed na sv\u00e9 barevnosti.M\u016f\u017eete si vymalovat sami \u2013 nemus\u00edte b\u00fdt zrovna mal\u00ed\u0159em pokoj\u016f, abyste to zvl\u00e1dli s\u00a0\u010dist\u011b b\u00edlou. Ta m\u016f\u017ee b\u00fdt b\u011b\u017en\u00e1, anebo sn\u011bhob\u00edl\u00e1, a na trhu je dostatek p\u0159\u00edpravk\u016f, s\u00a0nimi\u017e zaznamen\u00e1te \u00fasp\u011bch. Nemus\u00edte rozli\u0161ovat st\u011bny a strop, s\u00a0b\u00edlou zkr\u00e1tka jednodu\u0161e vymalujete cel\u00fd byt, m\u016f\u017eete pou\u017e\u00edt v\u00e1le\u010dek, mal\u00ed\u0159skou \u0161t\u011btku, anebo vyu\u017e\u00edt tlakovou l\u00e1hev se st\u0159\u00edkac\u00ed pistol\u00ed.                                                                                                                                                                                                                                                                                                                                                                                        4.7\/5 - (3 votes)        "},{"@context":"https:\/\/schema.org\/","@type":"BreadcrumbList","itemListElement":[{"@type":"ListItem","position":1,"name":"B\u00edl\u00e1 barva na zdech se vrac\u00ed","item":"https:\/\/www.bknt.cz\/bila-barva-na-zdech-se-vraci\/#breadcrumbitem"}]}]