[{"@context":"https:\/\/schema.org\/","@type":"Article","@id":"https:\/\/www.bknt.cz\/den-otcu\/#Article","mainEntityOfPage":"https:\/\/www.bknt.cz\/den-otcu\/","headline":"Den otc\u016f","name":"Den otc\u016f","description":"Poprv\u00e9 se Den otc\u016f slavil v soukrom\u00ed v roce 1910. Vznikl na po\u010dest ovdov\u011bl\u00e9ho otce, kter\u00fd se s\u00e1m staral o sv\u00fdch p\u011bt d\u011bt\u00ed. Ofici\u00e1ln\u00ed datum vzniku je roku 1966, kdy byl stanoven na t\u0159et\u00ed \u010dervnovou\u00a0 ned\u011bli. V dne\u0161n\u00ed dob\u011b oslavy prob\u00edhaj\u00ed v\u011bt\u0161inou doma, v r\u00e1mci rodiny. D\u011bti samy nebo s pomoc\u00ed p\u0159\u00edbuzn\u00fdch mohou nakreslit obr\u00e1zek...","datePublished":"2019-06-26","dateModified":"2023-06-09","author":{"@type":"Person","@id":"https:\/\/www.bknt.cz\/author\/devene\/#Person","name":"devene","url":"https:\/\/www.bknt.cz\/author\/devene\/","identifier":1,"image":{"@type":"ImageObject","@id":"https:\/\/secure.gravatar.com\/avatar\/c607f8cdeb628e1fda71e81e0cbb10854858a188adc366641de57f1cadca520c?s=96&d=mm&r=g","url":"https:\/\/secure.gravatar.com\/avatar\/c607f8cdeb628e1fda71e81e0cbb10854858a188adc366641de57f1cadca520c?s=96&d=mm&r=g","height":96,"width":96}},"publisher":{"@type":"Organization","name":"bknt.cz","logo":{"@type":"ImageObject","@id":"\/logo.png","url":"\/logo.png","width":600,"height":60}},"image":{"@type":"ImageObject","@id":"https:\/\/www.bknt.cz\/wp-content\/uploads\/img_a346962_w2798_t1561218784.jpg","url":"https:\/\/www.bknt.cz\/wp-content\/uploads\/img_a346962_w2798_t1561218784.jpg","height":0,"width":0},"url":"https:\/\/www.bknt.cz\/den-otcu\/","wordCount":434,"articleBody":"Poprv\u00e9 se Den otc\u016f slavil v soukrom\u00ed v roce 1910. Vznikl na po\u010dest ovdov\u011bl\u00e9ho otce, kter\u00fd se s\u00e1m staral o sv\u00fdch p\u011bt d\u011bt\u00ed. Ofici\u00e1ln\u00ed datum vzniku je roku 1966, kdy byl stanoven na t\u0159et\u00ed \u010dervnovou\u00a0 ned\u011bli. V dne\u0161n\u00ed dob\u011b oslavy prob\u00edhaj\u00ed v\u011bt\u0161inou doma, v r\u00e1mci rodiny. D\u011bti samy nebo s pomoc\u00ed p\u0159\u00edbuzn\u00fdch mohou nakreslit obr\u00e1zek s v\u011bnov\u00e1n\u00edm nebo j\u00edt koupit do obchodu n\u011bjakou drobnost. Pokud byste zatou\u017eili z\u00fa\u010dastnit se v\u011bt\u0161\u00ed akce, ne\u017e v rodinn\u00e9 kruhu, m\u016f\u017eete nav\u0161t\u00edvit setk\u00e1n\u00ed r\u016fzn\u00fdch spolk\u016f a hnut\u00ed, kter\u00e1 jsou ve\u0159ejn\u00e1 a konaj\u00ed se venku na \u010derstv\u00e9m vzduchu.\tZ historick\u00e9ho hlediska jasn\u011b vych\u00e1z\u00ed, \u017ee role matek je velmi d\u016fle\u017eit\u00e1. Je to \u017eena, kter\u00e1 nos\u00ed cel\u00fdch 9 m\u011bs\u00edc\u016f potomka ve sv\u00e9m t\u011ble, kter\u00e1 ho porod\u00ed, koj\u00ed, pe\u010duje o n\u011bj. Zat\u00edmco mu\u017e m\u00e1 roli \u017eivitele rodiny a na p\u00e9\u010di o d\u00edt\u011b nem\u00e1 tolik prostoru. Alespo\u0148 takov\u00e1 je p\u0159edstava o tradi\u010dn\u00edm modelu rodiny. P\u0159esto\u017ee otec nem\u016f\u017ee d\u00edt\u011bti v\u011bnovat tolik \u010dasu jako matka, je jeho role v rodin\u011b stejn\u011b d\u016fle\u017eit\u00e1. Je vylo\u017een\u011b na ka\u017ed\u00e9 rodin\u011b, jak maj\u00ed nastaven\u00fd styl v\u00fdchovy, ale je jasn\u00e9, \u017ee p\u0159\u00edstup matky a otce se v\u00edce \u010di m\u00e9n\u011b odli\u0161uje. T\u00e1tov\u00e9 neb\u00fdvaj\u00ed tak \u00fazkostn\u00ed jako jejich prot\u011bj\u0161ky, d\u011bti si s nimi v\u011bt\u0161inou u\u017eij\u00ed v\u00edc dobrodru\u017estv\u00ed a adrenalinu. Neboj\u00ed se, \u017ee se u\u0161pin\u00ed, roztrhnou si kalhoty nebo spadnou na zem a natlu\u010dou si. To pro n\u011b nejsou v\u016fbec podstatn\u00e9 v\u011bci a ne\u0159e\u0161\u00ed je.\t\tMu\u017ei jsou sv\u00fdm syn\u016fm vzorem p\u0159i v\u00fdb\u011bru zam\u011bstn\u00e1n\u00ed, kon\u00ed\u010dk\u016f, ale i v tom, jak se budou v budoucnu chovat ke sv\u00fdm partnerk\u00e1m. To by si m\u011bli v\u0161ichni t\u00e1tov\u00e9 uv\u011bdomovat a j\u00edt jim p\u0159\u00edkladem. Pro dcery mohou b\u00fdt zase vzorem toho, jak\u00e9 typy mu\u017e\u016f si bude vyb\u00edrat. A\u0165 chceme nebo nechceme, takhle to prost\u011b ve v\u011bt\u0161in\u011b p\u0159\u00edpad\u016f je.\tNezapom\u00ednejte, pros\u00edm, na Va\u0161e milovan\u00e9 tat\u00ednky. Ur\u010dit\u011b budou moc r\u00e1di, kdy\u017e si vzpomenete a pop\u0159ejete jim t\u0159eba jen tak. V\u011b\u0159te, \u017ee oni toho pro V\u00e1s d\u011blaj\u00ed moc, i kdy\u017e to t\u0159eba tak nemus\u00ed na prvn\u00ed pohled vypadat.                                                                                                                                                                                                                                                                                                                                                                                        4.2\/5 - (14 votes)        "},{"@context":"https:\/\/schema.org\/","@type":"BreadcrumbList","itemListElement":[{"@type":"ListItem","position":1,"name":"Den otc\u016f","item":"https:\/\/www.bknt.cz\/den-otcu\/#breadcrumbitem"}]}]