{"@context":"https:\/\/schema.org\/","@type":"CollectionPage","@id":"https:\/\/www.bknt.cz\/domov\/#CollectionPage","headline":"Domov Category","description":"","url":"https:\/\/www.bknt.cz\/domov\/","hasPart":[{"@type":"Article","@id":"https:\/\/www.bknt.cz\/vsude-dobre-doma-nejlepe\/","headline":"V\u0161ude dob\u0159e, doma nejl\u00e9pe","url":"https:\/\/www.bknt.cz\/vsude-dobre-doma-nejlepe\/","datePublished":"2024-06-30","dateModified":"2024-06-30","mainEntityOfPage":"https:\/\/www.bknt.cz\/vsude-dobre-doma-nejlepe\/","author":{"@type":"Person","@id":"https:\/\/www.bknt.cz\/author\/devene\/#Person","name":"devene","url":"https:\/\/www.bknt.cz\/author\/devene\/","identifier":1,"image":{"@type":"ImageObject","@id":"https:\/\/secure.gravatar.com\/avatar\/c607f8cdeb628e1fda71e81e0cbb10854858a188adc366641de57f1cadca520c?s=96&d=mm&r=g","url":"https:\/\/secure.gravatar.com\/avatar\/c607f8cdeb628e1fda71e81e0cbb10854858a188adc366641de57f1cadca520c?s=96&d=mm&r=g","height":96,"width":96}},"publisher":{"@type":"Organization","name":"bknt.cz","logo":{"@type":"ImageObject","@id":"\/logo.png","url":"\/logo.png","width":600,"height":60}},"image":{"@type":"ImageObject","@id":"https:\/\/www.bknt.cz\/wp-content\/uploads\/furniture-998265_640_10_10_2.jpg","url":"https:\/\/www.bknt.cz\/wp-content\/uploads\/furniture-998265_640_10_10_2.jpg","height":0,"width":0},"keywords":null},{"@type":"Article","@id":"https:\/\/www.bknt.cz\/domov-ma-byt-domovem\/","headline":"Domov m\u00e1 b\u00fdt domovem","url":"https:\/\/www.bknt.cz\/domov-ma-byt-domovem\/","datePublished":"2024-03-29","dateModified":"2024-03-29","mainEntityOfPage":"https:\/\/www.bknt.cz\/domov-ma-byt-domovem\/","author":{"@type":"Person","@id":"https:\/\/www.bknt.cz\/author\/devene\/#Person","name":"devene","url":"https:\/\/www.bknt.cz\/author\/devene\/","identifier":1,"image":{"@type":"ImageObject","@id":"https:\/\/secure.gravatar.com\/avatar\/c607f8cdeb628e1fda71e81e0cbb10854858a188adc366641de57f1cadca520c?s=96&d=mm&r=g","url":"https:\/\/secure.gravatar.com\/avatar\/c607f8cdeb628e1fda71e81e0cbb10854858a188adc366641de57f1cadca520c?s=96&d=mm&r=g","height":96,"width":96}},"publisher":{"@type":"Organization","name":"bknt.cz","logo":{"@type":"ImageObject","@id":"\/logo.png","url":"\/logo.png","width":600,"height":60}},"image":{"@type":"ImageObject","@id":"https:\/\/www.bknt.cz\/wp-content\/uploads\/%C5%BE%C5%BE%C5%BE%C5%BE%C5%BE%C5%BE%C5%BE%C5%BE%C5%BE%C5%BE%C5%BE_7.jpg","url":"https:\/\/www.bknt.cz\/wp-content\/uploads\/%C5%BE%C5%BE%C5%BE%C5%BE%C5%BE%C5%BE%C5%BE%C5%BE%C5%BE%C5%BE%C5%BE_7.jpg","height":0,"width":0},"keywords":null},{"@type":"Article","@id":"https:\/\/www.bknt.cz\/domy-ktere-se-vyplati-stavet\/","headline":"Domy, kter\u00e9 se vyplat\u00ed stav\u011bt","url":"https:\/\/www.bknt.cz\/domy-ktere-se-vyplati-stavet\/","datePublished":"2023-12-26","dateModified":"2023-12-26","mainEntityOfPage":"https:\/\/www.bknt.cz\/domy-ktere-se-vyplati-stavet\/","author":{"@type":"Person","@id":"https:\/\/www.bknt.cz\/author\/devene\/#Person","name":"devene","url":"https:\/\/www.bknt.cz\/author\/devene\/","identifier":1,"image":{"@type":"ImageObject","@id":"https:\/\/secure.gravatar.com\/avatar\/c607f8cdeb628e1fda71e81e0cbb10854858a188adc366641de57f1cadca520c?s=96&d=mm&r=g","url":"https:\/\/secure.gravatar.com\/avatar\/c607f8cdeb628e1fda71e81e0cbb10854858a188adc366641de57f1cadca520c?s=96&d=mm&r=g","height":96,"width":96}},"publisher":{"@type":"Organization","name":"bknt.cz","logo":{"@type":"ImageObject","@id":"\/logo.png","url":"\/logo.png","width":600,"height":60}},"image":{"@type":"ImageObject","@id":"https:\/\/www.bknt.cz\/wp-content\/uploads\/house-1836070_640_10_10_10_10_2.jpg","url":"https:\/\/www.bknt.cz\/wp-content\/uploads\/house-1836070_640_10_10_10_10_2.jpg","height":0,"width":0},"keywords":null},{"@type":"Article","@id":"https:\/\/www.bknt.cz\/bila-barva-na-zdech-se-vraci\/","headline":"B\u00edl\u00e1 barva na zdech se vrac\u00ed","url":"https:\/\/www.bknt.cz\/bila-barva-na-zdech-se-vraci\/","datePublished":"2021-12-11","dateModified":"2023-06-09","mainEntityOfPage":"https:\/\/www.bknt.cz\/bila-barva-na-zdech-se-vraci\/","author":{"@type":"Person","@id":"https:\/\/www.bknt.cz\/author\/devene\/#Person","name":"devene","url":"https:\/\/www.bknt.cz\/author\/devene\/","identifier":1,"image":{"@type":"ImageObject","@id":"https:\/\/secure.gravatar.com\/avatar\/c607f8cdeb628e1fda71e81e0cbb10854858a188adc366641de57f1cadca520c?s=96&d=mm&r=g","url":"https:\/\/secure.gravatar.com\/avatar\/c607f8cdeb628e1fda71e81e0cbb10854858a188adc366641de57f1cadca520c?s=96&d=mm&r=g","height":96,"width":96}},"publisher":{"@type":"Organization","name":"bknt.cz","logo":{"@type":"ImageObject","@id":"\/logo.png","url":"\/logo.png","width":600,"height":60}},"image":{"@type":"ImageObject","@id":"https:\/\/www.bknt.cz\/wp-content\/uploads\/bedroom-416062_640.jpg","url":"https:\/\/www.bknt.cz\/wp-content\/uploads\/bedroom-416062_640.jpg","height":0,"width":0},"keywords":null},{"@type":"Article","@id":"https:\/\/www.bknt.cz\/jak-vybavit-obyvaci-pokoj-a-co-vsechno-by-v-nem-melo-byt-je-to-snadne\/","headline":"Jak vybavit ob\u00fdvac\u00ed pokoj a co v\u0161echno by v n\u011bm m\u011blo b\u00fdt? Je to snadn\u00e9!","url":"https:\/\/www.bknt.cz\/jak-vybavit-obyvaci-pokoj-a-co-vsechno-by-v-nem-melo-byt-je-to-snadne\/","datePublished":"2020-10-19","dateModified":"2023-08-17","mainEntityOfPage":"https:\/\/www.bknt.cz\/jak-vybavit-obyvaci-pokoj-a-co-vsechno-by-v-nem-melo-byt-je-to-snadne\/","author":{"@type":"Person","@id":"https:\/\/www.bknt.cz\/author\/devene\/#Person","name":"devene","url":"https:\/\/www.bknt.cz\/author\/devene\/","identifier":1,"image":{"@type":"ImageObject","@id":"https:\/\/secure.gravatar.com\/avatar\/c607f8cdeb628e1fda71e81e0cbb10854858a188adc366641de57f1cadca520c?s=96&d=mm&r=g","url":"https:\/\/secure.gravatar.com\/avatar\/c607f8cdeb628e1fda71e81e0cbb10854858a188adc366641de57f1cadca520c?s=96&d=mm&r=g","height":96,"width":96}},"publisher":{"@type":"Organization","name":"bknt.cz","logo":{"@type":"ImageObject","@id":"\/logo.png","url":"\/logo.png","width":600,"height":60}},"image":{"@type":"ImageObject","@id":"https:\/\/www.bknt.cz\/wp-content\/uploads\/pexels-photo-256514.jpeg","url":"https:\/\/www.bknt.cz\/wp-content\/uploads\/pexels-photo-256514.jpeg","height":0,"width":0},"keywords":null}]}