[{"@context":"https:\/\/schema.org\/","@type":"Article","@id":"https:\/\/www.bknt.cz\/plnospektralni-led-zarovky-s-patici-e27-a-jejich-vyznamny-vliv-na-lidske-zdravi\/#Article","mainEntityOfPage":"https:\/\/www.bknt.cz\/plnospektralni-led-zarovky-s-patici-e27-a-jejich-vyznamny-vliv-na-lidske-zdravi\/","headline":"Plnospektr\u00e1ln\u00ed LED \u017e\u00e1rovky s patic\u00ed E27 a jejich v\u00fdznamn\u00fd vliv na lidsk\u00e9 zdrav\u00ed","name":"Plnospektr\u00e1ln\u00ed LED \u017e\u00e1rovky s patic\u00ed E27 a jejich v\u00fdznamn\u00fd vliv na lidsk\u00e9 zdrav\u00ed","description":"Zat\u00edmco \u017elut\u00e1 zah\u0159\u00edv\u00e1 oblast \u017ealudku a p\u016fsob\u00ed p\u0159edev\u0161\u00edm na energetickou oblast b\u0159icha, modr\u00e1 je barvou volnosti, vzdu\u0161nosti a lehkosti a m\u00e1 rapidn\u00ed vliv na tvo\u0159ivost. Sv\u011btle zelen\u00e9 t\u00f3ny zas podporuj\u00ed srde\u010dn\u00fd p\u0159\u00edstup k na\u0161emu okol\u00ed a osob\u00e1m trp\u00edc\u00edm srde\u010dn\u00edmi chorobami p\u0159in\u00e1\u0161\u00ed uvoln\u011bn\u00ed a relaxaci. Proto se tak\u00e9 l\u00e9pe c\u00edt\u00edme v p\u0159\u00edrod\u011b v dob\u011b, kdy se...","datePublished":"2018-06-05","dateModified":"2023-06-09","author":{"@type":"Person","@id":"https:\/\/www.bknt.cz\/author\/devene\/#Person","name":"devene","url":"https:\/\/www.bknt.cz\/author\/devene\/","identifier":1,"image":{"@type":"ImageObject","@id":"https:\/\/secure.gravatar.com\/avatar\/c607f8cdeb628e1fda71e81e0cbb10854858a188adc366641de57f1cadca520c?s=96&d=mm&r=g","url":"https:\/\/secure.gravatar.com\/avatar\/c607f8cdeb628e1fda71e81e0cbb10854858a188adc366641de57f1cadca520c?s=96&d=mm&r=g","height":96,"width":96}},"publisher":{"@type":"Organization","name":"bknt.cz","logo":{"@type":"ImageObject","@id":"\/logo.png","url":"\/logo.png","width":600,"height":60}},"image":{"@type":"ImageObject","@id":"https:\/\/www.bknt.cz\/wp-content\/uploads\/img_a318800_w2758_t1529657627.jpg","url":"https:\/\/www.bknt.cz\/wp-content\/uploads\/img_a318800_w2758_t1529657627.jpg","height":0,"width":0},"url":"https:\/\/www.bknt.cz\/plnospektralni-led-zarovky-s-patici-e27-a-jejich-vyznamny-vliv-na-lidske-zdravi\/","about":["D\u011bti"],"wordCount":402,"articleBody":"           Zat\u00edmco \u017elut\u00e1 zah\u0159\u00edv\u00e1 oblast \u017ealudku a p\u016fsob\u00ed p\u0159edev\u0161\u00edm na energetickou oblast b\u0159icha, modr\u00e1 je barvou volnosti, vzdu\u0161nosti a lehkosti a m\u00e1 rapidn\u00ed vliv na tvo\u0159ivost. Sv\u011btle zelen\u00e9 t\u00f3ny zas podporuj\u00ed srde\u010dn\u00fd p\u0159\u00edstup k na\u0161emu okol\u00ed a osob\u00e1m trp\u00edc\u00edm srde\u010dn\u00edmi chorobami p\u0159in\u00e1\u0161\u00ed uvoln\u011bn\u00ed a relaxaci. Proto se tak\u00e9 l\u00e9pe c\u00edt\u00edme v p\u0159\u00edrod\u011b v dob\u011b, kdy se zjara v\u0161e zazelen\u00e1 syt\u00fdmi pronikav\u00fdmi odst\u00edny. Fialov\u00e1 je barva chladn\u00e1 a introspektivn\u00ed, sni\u017euje krevn\u00ed tlak, zklid\u0148uje a nab\u00e1d\u00e1 k relaxaci, \u010derven\u00e1 naopak podporuje extrovertitu, pohyb, aktivitu, krevn\u00ed tlak se zvy\u0161uje.  Plnospektr\u00e1ln\u00ed osv\u011btlen\u00ed se propaguje ve \u0161kol\u00e1ch i na pracovi\u0161t\u00edch P\u0159\u00edrodn\u00edmi z\u00e1kony p\u016fsoben\u00ed barev se lidstvo \u0159\u00edd\u00ed po stalet\u00ed, ka\u017ed\u00e1 vlnov\u00e1 d\u00e9lka sv\u011btla m\u00e1 sv\u00e9 opodstatn\u011bn\u00ed a lze zjednodu\u0161en\u011b \u0159\u00edci, \u017ee pr\u00e1v\u011b denn\u00ed slune\u010dn\u00ed sv\u011btlo je pro \u017eiv\u00e9 organismy optim\u00e1ln\u00ed. Obsahuje nejen ve\u0161ker\u00e9 barvy sv\u011bteln\u00e9ho spektra, ale i ty neviditeln\u00e9 slo\u017eky, tedy ultrafialov\u00e9 a infra\u010derven\u00e9. V sou\u010dasn\u00e9 dob\u011b v\u0161ak lid\u00e9 v\u011bt\u0161inu \u010dasu tr\u00e1v\u00ed v zam\u011bstn\u00e1n\u00ed a ve \u0161kol\u00e1ch pod um\u011bl\u00fdm sv\u011btlem a jsme tud\u00ed\u017e nuceni sn\u00e1\u0161et nep\u0159\u00edli\u0161 ide\u00e1ln\u00ed sv\u011bteln\u00e9 podm\u00ednky \u010dasto zp\u016fsoben\u00e9 nekvalitn\u00edmi zdroji sv\u011btla. Odborn\u00edci, kte\u0159\u00ed se v\u011bnuj\u00ed v\u00fdzkumu p\u016fsoben\u00ed sv\u011btla na lidsk\u00fd organismus, vyzdvihuj\u00ed v\u00fdznam plnospektr\u00e1ln\u00edch sv\u011btel https:\/\/www.lightpark.cz\/led-zarovky\/?par=patice|e27 ve vztahu k r\u016fzn\u00fdm chorob\u00e1m.  Ji\u017e v roce 1973 prob\u011bhl prvn\u00ed v\u00fdzkum ve Spojen\u00fdch st\u00e1tech, kter\u00fd tyto domn\u011bnky potvrdil. Dv\u011b u\u010debny v jedn\u00e9 ze z\u00e1kladn\u00edch \u0161kol byly osazeny plnospektr\u00e1ln\u00edmi \u017e\u00e1rovkami a z\u00e1\u0159ivkami a ostatn\u00ed t\u0159\u00eddy byly osv\u00edcen\u00fdmi klasick\u00fdmi zdroji \u2013 b\u011b\u017en\u00fdmi z\u00e1\u0159ivkami. Rozd\u00edl v chov\u00e1n\u00ed \u017e\u00e1k\u016f byl prokazateln\u00fd, po \u010dty\u0159ech t\u00fddnech do\u0161lo k v\u00fdrazn\u00e9mu zlep\u0161en\u00ed dyslektick\u00fdch d\u011bt\u00ed, ke zm\u00edrn\u011bn\u00ed hyperaktivity, a dokonce se t\u011bmto d\u011btem sn\u00ed\u017eila kazivost zub\u016f o 30 procent. \u00danava, podr\u00e1\u017ed\u011bnost, vy\u010derp\u00e1n\u00ed, nepozornost, nervozita, rozt\u011bkanost a\u017e agresivita \u2013 to byly projevy \u017e\u00e1k\u016f z ostatn\u00edch u\u010deben.                                                                                                                                                                                                                                                                                                                                                                                          3.8\/5 - (6 votes)        "},{"@context":"https:\/\/schema.org\/","@type":"BreadcrumbList","itemListElement":[{"@type":"ListItem","position":1,"name":"Plnospektr\u00e1ln\u00ed LED \u017e\u00e1rovky s patic\u00ed E27 a jejich v\u00fdznamn\u00fd vliv na lidsk\u00e9 zdrav\u00ed","item":"https:\/\/www.bknt.cz\/plnospektralni-led-zarovky-s-patici-e27-a-jejich-vyznamny-vliv-na-lidske-zdravi\/#breadcrumbitem"}]}]